{"id":1327,"date":"2023-08-10T15:46:45","date_gmt":"2023-08-10T15:46:45","guid":{"rendered":"https:\/\/tagliamento.org\/2023\/10\/17\/il-tagliamento\/"},"modified":"2023-11-08T18:37:35","modified_gmt":"2023-11-08T18:37:35","slug":"il-tagliamento","status":"publish","type":"post","link":"https:\/\/tagliamento.org\/it\/comunita\/il-tagliamento\/","title":{"rendered":"Il Tagliamento"},"content":{"rendered":"<div class=\"block-wrapper block-wrapper--paragraph\"><div class=\"container\">\n<p>Il Tagliamento, per noi friulani, non \u00e8 soltanto un fiume: \u00e8 ci\u00f2 che definisce, come il Cristo giudicante di un timpano gotico, le nostre vite, la nostra nascita \u201cdi c\u00e0 e di l\u00e0 da l\u2019aghe\u201d: da questa o da quella parte dell\u2019acqua. Nati o giunti da fuori &#8211; a volte anche da molto lontano &#8211; sulle sue scabre, rustiche rive, scrittori e poeti l\u2019hanno amato e cantato, da Ippolito Nievo a Pierpaolo Pasolini e Elio Bartolini, a Esther Kinsky, a Ernest Hemingway, che lo conobbe durante la Grande Guerra e si innamor\u00f2 delle sue acque, della vita umana e animale che l\u2019abitava e lo faceva, e lo fa ancora, unico. Alcune delle pagine pi\u00f9 potenti di Addio alle armi sono ambientate sul nostro fiume.<\/p>\n<\/div><\/div>\n\n<div class=\"block-wrapper block-wrapper--image\"><div class=\"container\">\n<figure class=\"wp-block-image size-large\"><img loading=\"lazy\" decoding=\"async\" width=\"1024\" height=\"535\" src=\"http:\/\/tagliamento.org\/wp-content\/uploads\/2023\/10\/foce-tempo-2-1024x535.jpg\" alt=\"Credits: Giosu\u00e8 Cuccurullo\" class=\"wp-image-792\" srcset=\"https:\/\/tagliamento.org\/wp-content\/uploads\/2023\/10\/foce-tempo-2-1024x535.jpg 1024w, https:\/\/tagliamento.org\/wp-content\/uploads\/2023\/10\/foce-tempo-2-300x157.jpg 300w, https:\/\/tagliamento.org\/wp-content\/uploads\/2023\/10\/foce-tempo-2-768x401.jpg 768w, https:\/\/tagliamento.org\/wp-content\/uploads\/2023\/10\/foce-tempo-2-1536x803.jpg 1536w, https:\/\/tagliamento.org\/wp-content\/uploads\/2023\/10\/foce-tempo-2-2048x1070.jpg 2048w, https:\/\/tagliamento.org\/wp-content\/uploads\/2023\/10\/foce-tempo-2-1920x1003.jpg 1920w, https:\/\/tagliamento.org\/wp-content\/uploads\/2023\/10\/foce-tempo-2-1600x836.jpg 1600w, https:\/\/tagliamento.org\/wp-content\/uploads\/2023\/10\/foce-tempo-2-1366x714.jpg 1366w, https:\/\/tagliamento.org\/wp-content\/uploads\/2023\/10\/foce-tempo-2-550x287.jpg 550w\" sizes=\"auto, (max-width: 1024px) 100vw, 1024px\" \/><\/figure>\n<\/div><\/div>\n\n<div class=\"block-wrapper block-wrapper--paragraph\"><div class=\"container\">\n<p>A suggellare il legame fra vita e acqua, il poeta Nico Naldini volle che le sue ceneri fossero sparse nel Tagliamento, in un matrimonio mistico con la vita che scorre. Perch\u00e9 al Tagliamento un friulano, e chiunque lo ami, non torna: semplicemente non lo lascia mai. Entra a far parte del suo genoma, del suo pensiero, dei suoi desideri. Il Tagliamento \u00e8 il modo in cui un friulano entra nell\u2019eternit\u00e0.<\/p>\n<\/div><\/div>\n\n<div class=\"block-wrapper block-wrapper--image\"><div class=\"container\">\n<figure class=\"wp-block-image size-large\"><img loading=\"lazy\" decoding=\"async\" width=\"766\" height=\"1024\" src=\"http:\/\/tagliamento.org\/wp-content\/uploads\/2023\/10\/altalena-766x1024.jpg\" alt=\"Credits: Giosu\u00e8 Cuccurullo\" class=\"wp-image-788\" srcset=\"https:\/\/tagliamento.org\/wp-content\/uploads\/2023\/10\/altalena-766x1024.jpg 766w, https:\/\/tagliamento.org\/wp-content\/uploads\/2023\/10\/altalena-224x300.jpg 224w, https:\/\/tagliamento.org\/wp-content\/uploads\/2023\/10\/altalena-768x1027.jpg 768w, https:\/\/tagliamento.org\/wp-content\/uploads\/2023\/10\/altalena-1149x1536.jpg 1149w, https:\/\/tagliamento.org\/wp-content\/uploads\/2023\/10\/altalena-1532x2048.jpg 1532w, https:\/\/tagliamento.org\/wp-content\/uploads\/2023\/10\/altalena-1920x2567.jpg 1920w, https:\/\/tagliamento.org\/wp-content\/uploads\/2023\/10\/altalena-808x1080.jpg 808w, https:\/\/tagliamento.org\/wp-content\/uploads\/2023\/10\/altalena-673x900.jpg 673w, https:\/\/tagliamento.org\/wp-content\/uploads\/2023\/10\/altalena-1600x2139.jpg 1600w, https:\/\/tagliamento.org\/wp-content\/uploads\/2023\/10\/altalena-574x768.jpg 574w, https:\/\/tagliamento.org\/wp-content\/uploads\/2023\/10\/altalena-1366x1826.jpg 1366w, https:\/\/tagliamento.org\/wp-content\/uploads\/2023\/10\/altalena-431x576.jpg 431w, https:\/\/tagliamento.org\/wp-content\/uploads\/2023\/10\/altalena-1024x1369.jpg 1024w, https:\/\/tagliamento.org\/wp-content\/uploads\/2023\/10\/altalena-323x432.jpg 323w, https:\/\/tagliamento.org\/wp-content\/uploads\/2023\/10\/altalena-231x309.jpg 231w, https:\/\/tagliamento.org\/wp-content\/uploads\/2023\/10\/altalena-550x735.jpg 550w, https:\/\/tagliamento.org\/wp-content\/uploads\/2023\/10\/altalena-scaled.jpg 1915w\" sizes=\"auto, (max-width: 766px) 100vw, 766px\" \/><\/figure>\n<\/div><\/div>\n\n<div class=\"block-wrapper block-wrapper--paragraph\"><div class=\"container\">\n<p>Il Tagliamento ha una sua voce, che tutti possiamo ascoltare e alcuni hanno voluto riportare, in musica o su una pagina. Una voce che non avr\u00e0 mai fine, fatta dell\u2019acqua che scorre e delle risate dei bambini che giocano sulle sue rive, e ne godono, e apprendono ridendo la felicit\u00e0 della polvere e dell\u2019erba, delle nuvole nel vento.<\/p>\n<\/div><\/div>","protected":false},"excerpt":{"rendered":"<p>Il Tagliamento, per noi friulani, non \u00e8 soltanto un fiume: \u00e8 ci\u00f2 che definisce, come il Cristo giudicante di un timpano gotico, le nostre vite, la nostra nascita \u201cdi c\u00e0 e di l\u00e0 da l\u2019aghe\u201d: da questa o da quella parte dell\u2019acqua. Nati o giunti da fuori &#8211; a volte anche da molto lontano &#8211; [&hellip;]<\/p>\n","protected":false},"author":2,"featured_media":791,"comment_status":"open","ping_status":"open","sticky":false,"template":"","format":"standard","meta":{"_acf_changed":false,"footnotes":""},"categories":[20],"tags":[],"class_list":["post-1327","post","type-post","status-publish","format-standard","has-post-thumbnail","hentry","category-comunita"],"acf":[],"yoast_head":"<!-- This site is optimized with the Yoast SEO plugin v27.5 - https:\/\/yoast.com\/product\/yoast-seo-wordpress\/ -->\n<title>Il Tagliamento - WWF Tagliamento<\/title>\n<meta name=\"robots\" content=\"index, follow, max-snippet:-1, max-image-preview:large, max-video-preview:-1\" \/>\n<link rel=\"canonical\" href=\"https:\/\/tagliamento.org\/it\/comunita\/il-tagliamento\/\" \/>\n<meta property=\"og:locale\" content=\"it_IT\" \/>\n<meta property=\"og:type\" content=\"article\" \/>\n<meta property=\"og:title\" content=\"Il Tagliamento - WWF Tagliamento\" \/>\n<meta property=\"og:description\" content=\"Il Tagliamento, per noi friulani, non \u00e8 soltanto un fiume: \u00e8 ci\u00f2 che definisce, come il Cristo giudicante di un timpano gotico, le nostre vite, la nostra nascita \u201cdi c\u00e0 e di l\u00e0 da l\u2019aghe\u201d: da questa o da quella parte dell\u2019acqua. Nati o giunti da fuori &#8211; a volte anche da molto lontano &#8211; [&hellip;]\" \/>\n<meta property=\"og:url\" content=\"https:\/\/tagliamento.org\/it\/comunita\/il-tagliamento\/\" \/>\n<meta property=\"og:site_name\" content=\"WWF Tagliamento\" \/>\n<meta property=\"article:published_time\" content=\"2023-08-10T15:46:45+00:00\" \/>\n<meta property=\"article:modified_time\" content=\"2023-11-08T18:37:35+00:00\" \/>\n<meta property=\"og:image\" content=\"https:\/\/tagliamento.org\/wp-content\/uploads\/2023\/10\/di-la-dal-fiume-scaled.jpg\" \/>\n\t<meta property=\"og:image:width\" content=\"2560\" \/>\n\t<meta property=\"og:image:height\" content=\"1696\" \/>\n\t<meta property=\"og:image:type\" content=\"image\/jpeg\" \/>\n<meta name=\"author\" content=\"LAUDO\" \/>\n<meta name=\"twitter:card\" content=\"summary_large_image\" \/>\n<meta name=\"twitter:label1\" content=\"Scritto da\" \/>\n\t<meta name=\"twitter:data1\" content=\"LAUDO\" \/>\n\t<meta name=\"twitter:label2\" content=\"Tempo di lettura stimato\" \/>\n\t<meta name=\"twitter:data2\" content=\"2 minuti\" \/>\n<script type=\"application\/ld+json\" class=\"yoast-schema-graph\">{\"@context\":\"https:\\\/\\\/schema.org\",\"@graph\":[{\"@type\":\"Article\",\"@id\":\"https:\\\/\\\/tagliamento.org\\\/it\\\/comunita\\\/il-tagliamento\\\/#article\",\"isPartOf\":{\"@id\":\"https:\\\/\\\/tagliamento.org\\\/it\\\/comunita\\\/il-tagliamento\\\/\"},\"author\":{\"name\":\"LAUDO\",\"@id\":\"https:\\\/\\\/tagliamento.org\\\/it\\\/#\\\/schema\\\/person\\\/ca4ef3df97dc8e90bd5f8ffd2bef3351\"},\"headline\":\"Il Tagliamento\",\"datePublished\":\"2023-08-10T15:46:45+00:00\",\"dateModified\":\"2023-11-08T18:37:35+00:00\",\"mainEntityOfPage\":{\"@id\":\"https:\\\/\\\/tagliamento.org\\\/it\\\/comunita\\\/il-tagliamento\\\/\"},\"wordCount\":258,\"commentCount\":0,\"image\":{\"@id\":\"https:\\\/\\\/tagliamento.org\\\/it\\\/comunita\\\/il-tagliamento\\\/#primaryimage\"},\"thumbnailUrl\":\"https:\\\/\\\/tagliamento.org\\\/wp-content\\\/uploads\\\/2023\\\/10\\\/di-la-dal-fiume-scaled.jpg\",\"articleSection\":[\"Comunit\u00e0\"],\"inLanguage\":\"it-IT\",\"potentialAction\":[{\"@type\":\"CommentAction\",\"name\":\"Comment\",\"target\":[\"https:\\\/\\\/tagliamento.org\\\/it\\\/comunita\\\/il-tagliamento\\\/#respond\"]}]},{\"@type\":\"WebPage\",\"@id\":\"https:\\\/\\\/tagliamento.org\\\/it\\\/comunita\\\/il-tagliamento\\\/\",\"url\":\"https:\\\/\\\/tagliamento.org\\\/it\\\/comunita\\\/il-tagliamento\\\/\",\"name\":\"Il Tagliamento - WWF Tagliamento\",\"isPartOf\":{\"@id\":\"https:\\\/\\\/tagliamento.org\\\/it\\\/#website\"},\"primaryImageOfPage\":{\"@id\":\"https:\\\/\\\/tagliamento.org\\\/it\\\/comunita\\\/il-tagliamento\\\/#primaryimage\"},\"image\":{\"@id\":\"https:\\\/\\\/tagliamento.org\\\/it\\\/comunita\\\/il-tagliamento\\\/#primaryimage\"},\"thumbnailUrl\":\"https:\\\/\\\/tagliamento.org\\\/wp-content\\\/uploads\\\/2023\\\/10\\\/di-la-dal-fiume-scaled.jpg\",\"datePublished\":\"2023-08-10T15:46:45+00:00\",\"dateModified\":\"2023-11-08T18:37:35+00:00\",\"author\":{\"@id\":\"https:\\\/\\\/tagliamento.org\\\/it\\\/#\\\/schema\\\/person\\\/ca4ef3df97dc8e90bd5f8ffd2bef3351\"},\"breadcrumb\":{\"@id\":\"https:\\\/\\\/tagliamento.org\\\/it\\\/comunita\\\/il-tagliamento\\\/#breadcrumb\"},\"inLanguage\":\"it-IT\",\"potentialAction\":[{\"@type\":\"ReadAction\",\"target\":[\"https:\\\/\\\/tagliamento.org\\\/it\\\/comunita\\\/il-tagliamento\\\/\"]}]},{\"@type\":\"ImageObject\",\"inLanguage\":\"it-IT\",\"@id\":\"https:\\\/\\\/tagliamento.org\\\/it\\\/comunita\\\/il-tagliamento\\\/#primaryimage\",\"url\":\"https:\\\/\\\/tagliamento.org\\\/wp-content\\\/uploads\\\/2023\\\/10\\\/di-la-dal-fiume-scaled.jpg\",\"contentUrl\":\"https:\\\/\\\/tagliamento.org\\\/wp-content\\\/uploads\\\/2023\\\/10\\\/di-la-dal-fiume-scaled.jpg\",\"width\":2560,\"height\":1696,\"caption\":\"Credits: Giosu\u00e8 Cuccurullo\"},{\"@type\":\"BreadcrumbList\",\"@id\":\"https:\\\/\\\/tagliamento.org\\\/it\\\/comunita\\\/il-tagliamento\\\/#breadcrumb\",\"itemListElement\":[{\"@type\":\"ListItem\",\"position\":1,\"name\":\"Home\",\"item\":\"https:\\\/\\\/tagliamento.org\\\/it\\\/\"},{\"@type\":\"ListItem\",\"position\":2,\"name\":\"Il Tagliamento\"}]},{\"@type\":\"WebSite\",\"@id\":\"https:\\\/\\\/tagliamento.org\\\/it\\\/#website\",\"url\":\"https:\\\/\\\/tagliamento.org\\\/it\\\/\",\"name\":\"WWF Tagliamento\",\"description\":\"\",\"potentialAction\":[{\"@type\":\"SearchAction\",\"target\":{\"@type\":\"EntryPoint\",\"urlTemplate\":\"https:\\\/\\\/tagliamento.org\\\/it\\\/?s={search_term_string}\"},\"query-input\":{\"@type\":\"PropertyValueSpecification\",\"valueRequired\":true,\"valueName\":\"search_term_string\"}}],\"inLanguage\":\"it-IT\"},{\"@type\":\"Person\",\"@id\":\"https:\\\/\\\/tagliamento.org\\\/it\\\/#\\\/schema\\\/person\\\/ca4ef3df97dc8e90bd5f8ffd2bef3351\",\"name\":\"LAUDO\",\"image\":{\"@type\":\"ImageObject\",\"inLanguage\":\"it-IT\",\"@id\":\"https:\\\/\\\/secure.gravatar.com\\\/avatar\\\/02e187aff594f206d4ab6002c1d5fba8e65a128570a4c2b003a2aee6092a2fd1?s=96&d=mm&r=g\",\"url\":\"https:\\\/\\\/secure.gravatar.com\\\/avatar\\\/02e187aff594f206d4ab6002c1d5fba8e65a128570a4c2b003a2aee6092a2fd1?s=96&d=mm&r=g\",\"contentUrl\":\"https:\\\/\\\/secure.gravatar.com\\\/avatar\\\/02e187aff594f206d4ab6002c1d5fba8e65a128570a4c2b003a2aee6092a2fd1?s=96&d=mm&r=g\",\"caption\":\"LAUDO\"},\"url\":\"https:\\\/\\\/tagliamento.org\\\/it\\\/author\\\/laudo\\\/\"}]}<\/script>\n<!-- \/ Yoast SEO plugin. -->","yoast_head_json":{"title":"Il Tagliamento - WWF Tagliamento","robots":{"index":"index","follow":"follow","max-snippet":"max-snippet:-1","max-image-preview":"max-image-preview:large","max-video-preview":"max-video-preview:-1"},"canonical":"https:\/\/tagliamento.org\/it\/comunita\/il-tagliamento\/","og_locale":"it_IT","og_type":"article","og_title":"Il Tagliamento - WWF Tagliamento","og_description":"Il Tagliamento, per noi friulani, non \u00e8 soltanto un fiume: \u00e8 ci\u00f2 che definisce, come il Cristo giudicante di un timpano gotico, le nostre vite, la nostra nascita \u201cdi c\u00e0 e di l\u00e0 da l\u2019aghe\u201d: da questa o da quella parte dell\u2019acqua. Nati o giunti da fuori &#8211; a volte anche da molto lontano &#8211; [&hellip;]","og_url":"https:\/\/tagliamento.org\/it\/comunita\/il-tagliamento\/","og_site_name":"WWF Tagliamento","article_published_time":"2023-08-10T15:46:45+00:00","article_modified_time":"2023-11-08T18:37:35+00:00","og_image":[{"width":2560,"height":1696,"url":"https:\/\/tagliamento.org\/wp-content\/uploads\/2023\/10\/di-la-dal-fiume-scaled.jpg","type":"image\/jpeg"}],"author":"LAUDO","twitter_card":"summary_large_image","twitter_misc":{"Scritto da":"LAUDO","Tempo di lettura stimato":"2 minuti"},"schema":{"@context":"https:\/\/schema.org","@graph":[{"@type":"Article","@id":"https:\/\/tagliamento.org\/it\/comunita\/il-tagliamento\/#article","isPartOf":{"@id":"https:\/\/tagliamento.org\/it\/comunita\/il-tagliamento\/"},"author":{"name":"LAUDO","@id":"https:\/\/tagliamento.org\/it\/#\/schema\/person\/ca4ef3df97dc8e90bd5f8ffd2bef3351"},"headline":"Il Tagliamento","datePublished":"2023-08-10T15:46:45+00:00","dateModified":"2023-11-08T18:37:35+00:00","mainEntityOfPage":{"@id":"https:\/\/tagliamento.org\/it\/comunita\/il-tagliamento\/"},"wordCount":258,"commentCount":0,"image":{"@id":"https:\/\/tagliamento.org\/it\/comunita\/il-tagliamento\/#primaryimage"},"thumbnailUrl":"https:\/\/tagliamento.org\/wp-content\/uploads\/2023\/10\/di-la-dal-fiume-scaled.jpg","articleSection":["Comunit\u00e0"],"inLanguage":"it-IT","potentialAction":[{"@type":"CommentAction","name":"Comment","target":["https:\/\/tagliamento.org\/it\/comunita\/il-tagliamento\/#respond"]}]},{"@type":"WebPage","@id":"https:\/\/tagliamento.org\/it\/comunita\/il-tagliamento\/","url":"https:\/\/tagliamento.org\/it\/comunita\/il-tagliamento\/","name":"Il Tagliamento - WWF Tagliamento","isPartOf":{"@id":"https:\/\/tagliamento.org\/it\/#website"},"primaryImageOfPage":{"@id":"https:\/\/tagliamento.org\/it\/comunita\/il-tagliamento\/#primaryimage"},"image":{"@id":"https:\/\/tagliamento.org\/it\/comunita\/il-tagliamento\/#primaryimage"},"thumbnailUrl":"https:\/\/tagliamento.org\/wp-content\/uploads\/2023\/10\/di-la-dal-fiume-scaled.jpg","datePublished":"2023-08-10T15:46:45+00:00","dateModified":"2023-11-08T18:37:35+00:00","author":{"@id":"https:\/\/tagliamento.org\/it\/#\/schema\/person\/ca4ef3df97dc8e90bd5f8ffd2bef3351"},"breadcrumb":{"@id":"https:\/\/tagliamento.org\/it\/comunita\/il-tagliamento\/#breadcrumb"},"inLanguage":"it-IT","potentialAction":[{"@type":"ReadAction","target":["https:\/\/tagliamento.org\/it\/comunita\/il-tagliamento\/"]}]},{"@type":"ImageObject","inLanguage":"it-IT","@id":"https:\/\/tagliamento.org\/it\/comunita\/il-tagliamento\/#primaryimage","url":"https:\/\/tagliamento.org\/wp-content\/uploads\/2023\/10\/di-la-dal-fiume-scaled.jpg","contentUrl":"https:\/\/tagliamento.org\/wp-content\/uploads\/2023\/10\/di-la-dal-fiume-scaled.jpg","width":2560,"height":1696,"caption":"Credits: Giosu\u00e8 Cuccurullo"},{"@type":"BreadcrumbList","@id":"https:\/\/tagliamento.org\/it\/comunita\/il-tagliamento\/#breadcrumb","itemListElement":[{"@type":"ListItem","position":1,"name":"Home","item":"https:\/\/tagliamento.org\/it\/"},{"@type":"ListItem","position":2,"name":"Il Tagliamento"}]},{"@type":"WebSite","@id":"https:\/\/tagliamento.org\/it\/#website","url":"https:\/\/tagliamento.org\/it\/","name":"WWF Tagliamento","description":"","potentialAction":[{"@type":"SearchAction","target":{"@type":"EntryPoint","urlTemplate":"https:\/\/tagliamento.org\/it\/?s={search_term_string}"},"query-input":{"@type":"PropertyValueSpecification","valueRequired":true,"valueName":"search_term_string"}}],"inLanguage":"it-IT"},{"@type":"Person","@id":"https:\/\/tagliamento.org\/it\/#\/schema\/person\/ca4ef3df97dc8e90bd5f8ffd2bef3351","name":"LAUDO","image":{"@type":"ImageObject","inLanguage":"it-IT","@id":"https:\/\/secure.gravatar.com\/avatar\/02e187aff594f206d4ab6002c1d5fba8e65a128570a4c2b003a2aee6092a2fd1?s=96&d=mm&r=g","url":"https:\/\/secure.gravatar.com\/avatar\/02e187aff594f206d4ab6002c1d5fba8e65a128570a4c2b003a2aee6092a2fd1?s=96&d=mm&r=g","contentUrl":"https:\/\/secure.gravatar.com\/avatar\/02e187aff594f206d4ab6002c1d5fba8e65a128570a4c2b003a2aee6092a2fd1?s=96&d=mm&r=g","caption":"LAUDO"},"url":"https:\/\/tagliamento.org\/it\/author\/laudo\/"}]}},"_links":{"self":[{"href":"https:\/\/tagliamento.org\/it\/wp-json\/wp\/v2\/posts\/1327","targetHints":{"allow":["GET"]}}],"collection":[{"href":"https:\/\/tagliamento.org\/it\/wp-json\/wp\/v2\/posts"}],"about":[{"href":"https:\/\/tagliamento.org\/it\/wp-json\/wp\/v2\/types\/post"}],"author":[{"embeddable":true,"href":"https:\/\/tagliamento.org\/it\/wp-json\/wp\/v2\/users\/2"}],"replies":[{"embeddable":true,"href":"https:\/\/tagliamento.org\/it\/wp-json\/wp\/v2\/comments?post=1327"}],"version-history":[{"count":2,"href":"https:\/\/tagliamento.org\/it\/wp-json\/wp\/v2\/posts\/1327\/revisions"}],"predecessor-version":[{"id":1466,"href":"https:\/\/tagliamento.org\/it\/wp-json\/wp\/v2\/posts\/1327\/revisions\/1466"}],"wp:featuredmedia":[{"embeddable":true,"href":"https:\/\/tagliamento.org\/it\/wp-json\/wp\/v2\/media\/791"}],"wp:attachment":[{"href":"https:\/\/tagliamento.org\/it\/wp-json\/wp\/v2\/media?parent=1327"}],"wp:term":[{"taxonomy":"category","embeddable":true,"href":"https:\/\/tagliamento.org\/it\/wp-json\/wp\/v2\/categories?post=1327"},{"taxonomy":"post_tag","embeddable":true,"href":"https:\/\/tagliamento.org\/it\/wp-json\/wp\/v2\/tags?post=1327"}],"curies":[{"name":"wp","href":"https:\/\/api.w.org\/{rel}","templated":true}]}}