{"id":2339,"date":"2023-11-17T15:13:09","date_gmt":"2023-11-17T15:13:09","guid":{"rendered":"https:\/\/tagliamento.org\/non-categorizzato\/lalto-corso-del-tagliamento\/"},"modified":"2023-11-27T17:10:11","modified_gmt":"2023-11-27T17:10:11","slug":"lalto-corso-del-tagliamento","status":"publish","type":"post","link":"https:\/\/tagliamento.org\/it\/morfologia\/lalto-corso-del-tagliamento\/","title":{"rendered":"L&#8217;alto corso del Tagliamento"},"content":{"rendered":"<div class=\"block-wrapper block-wrapper--paragraph\"><div class=\"container\">\n<p>La sorgente del Tagliamento si trova lungo la strada che porta al Passo della Mauria, a 1.195 m di altitudine, nei pressi di Forni di Sopra e nella zona caratterizzata dalle Dolomiti Friulane. La prima parte del suo corso \u00e8 caratterizzata da un susseguirsi di confluenze vallive, che ne determinano la morfologia.<\/p>\n<\/div><\/div><div class=\"block-wrapper block-wrapper--image\"><div class=\"container\">\n<figure class=\"wp-block-image size-large\"><img loading=\"lazy\" decoding=\"async\" width=\"1024\" height=\"683\" src=\"http:\/\/tagliamento.org\/wp-content\/uploads\/2023\/11\/Caprizi_inverno1-1024x683.jpg\" alt=\"Credits: Eugenio Novajra\" class=\"wp-image-1771\" srcset=\"https:\/\/tagliamento.org\/wp-content\/uploads\/2023\/11\/Caprizi_inverno1-1024x683.jpg 1024w, https:\/\/tagliamento.org\/wp-content\/uploads\/2023\/11\/Caprizi_inverno1-300x200.jpg 300w, https:\/\/tagliamento.org\/wp-content\/uploads\/2023\/11\/Caprizi_inverno1-768x512.jpg 768w, https:\/\/tagliamento.org\/wp-content\/uploads\/2023\/11\/Caprizi_inverno1-1152x768.jpg 1152w, https:\/\/tagliamento.org\/wp-content\/uploads\/2023\/11\/Caprizi_inverno1-864x576.jpg 864w, https:\/\/tagliamento.org\/wp-content\/uploads\/2023\/11\/Caprizi_inverno1-648x432.jpg 648w, https:\/\/tagliamento.org\/wp-content\/uploads\/2023\/11\/Caprizi_inverno1-464x309.jpg 464w, https:\/\/tagliamento.org\/wp-content\/uploads\/2023\/11\/Caprizi_inverno1-550x367.jpg 550w, https:\/\/tagliamento.org\/wp-content\/uploads\/2023\/11\/Caprizi_inverno1.jpg 1311w\" sizes=\"auto, (max-width: 1024px) 100vw, 1024px\" \/><\/figure>\n<\/div><\/div><div class=\"block-wrapper block-wrapper--paragraph\"><div class=\"container\">\n<p>Nell\u2019alto corso, il Tagliamento \u00e8 alimentato da numerosi affluenti, prima piccoli (ad esempio i torrenti T\u00f2r, Fossiana, Giaf e Tollina) e poi pi\u00f9 grandi, tra cui Degano, But e Fella. Nonostante i numerosi affluenti, la portata del Tagliamento \u00e8 spesso irregolare a causa di numerosi fattori sia naturali (ad esempio, l\u2019irregolarit\u00e0 delle piogge e degli apporti idrici superficiali) e indotti dall\u2019uomo (ad esempio, i prelievi in alveo).<\/p>\n<\/div><\/div>","protected":false},"excerpt":{"rendered":"<p>La sorgente del Tagliamento si trova lungo la strada che porta al Passo della Mauria, a 1.195 m di altitudine, nei pressi di Forni di Sopra e nella zona caratterizzata dalle Dolomiti Friulane. La prima parte del suo corso \u00e8 caratterizzata da un susseguirsi di confluenze vallive, che ne determinano la morfologia. Nell\u2019alto corso, il [&hellip;]<\/p>\n","protected":false},"author":4,"featured_media":1770,"comment_status":"open","ping_status":"open","sticky":false,"template":"","format":"standard","meta":{"_acf_changed":false,"footnotes":""},"categories":[22],"tags":[],"class_list":["post-2339","post","type-post","status-publish","format-standard","has-post-thumbnail","hentry","category-morfologia"],"acf":[],"yoast_head":"<!-- This site is optimized with the Yoast SEO plugin v27.5 - https:\/\/yoast.com\/product\/yoast-seo-wordpress\/ -->\n<title>L&#039;alto corso del Tagliamento - WWF Tagliamento<\/title>\n<meta name=\"description\" content=\"Descrizione della sorgente del Tagliamento e della morfologia del suo alto corso e dei suoi affluenti\" \/>\n<meta name=\"robots\" content=\"index, follow, max-snippet:-1, max-image-preview:large, max-video-preview:-1\" \/>\n<link rel=\"canonical\" href=\"https:\/\/tagliamento.org\/it\/morfologia\/lalto-corso-del-tagliamento\/\" \/>\n<meta property=\"og:locale\" content=\"it_IT\" \/>\n<meta property=\"og:type\" content=\"article\" \/>\n<meta property=\"og:title\" content=\"L&#039;alto corso del Tagliamento - WWF Tagliamento\" \/>\n<meta property=\"og:description\" content=\"Descrizione della sorgente del Tagliamento e della morfologia del suo alto corso e dei suoi affluenti\" \/>\n<meta property=\"og:url\" content=\"https:\/\/tagliamento.org\/it\/morfologia\/lalto-corso-del-tagliamento\/\" \/>\n<meta property=\"og:site_name\" content=\"WWF Tagliamento\" \/>\n<meta property=\"article:published_time\" content=\"2023-11-17T15:13:09+00:00\" \/>\n<meta property=\"article:modified_time\" content=\"2023-11-27T17:10:11+00:00\" \/>\n<meta property=\"og:image\" content=\"https:\/\/tagliamento.org\/wp-content\/uploads\/2023\/11\/Ponte_di_Sacrovint_Forni_di_Sotto_30x21_72dpi_1.jpg\" \/>\n\t<meta property=\"og:image:width\" content=\"850\" \/>\n\t<meta property=\"og:image:height\" content=\"595\" \/>\n\t<meta property=\"og:image:type\" content=\"image\/jpeg\" \/>\n<meta name=\"author\" content=\"Chiara Saeta\" \/>\n<meta name=\"twitter:card\" content=\"summary_large_image\" \/>\n<meta name=\"twitter:label1\" content=\"Scritto da\" \/>\n\t<meta name=\"twitter:data1\" content=\"Chiara Saeta\" \/>\n\t<meta name=\"twitter:label2\" content=\"Tempo di lettura stimato\" \/>\n\t<meta name=\"twitter:data2\" content=\"1 minuto\" \/>\n<script type=\"application\/ld+json\" class=\"yoast-schema-graph\">{\"@context\":\"https:\\\/\\\/schema.org\",\"@graph\":[{\"@type\":\"Article\",\"@id\":\"https:\\\/\\\/tagliamento.org\\\/it\\\/morfologia\\\/lalto-corso-del-tagliamento\\\/#article\",\"isPartOf\":{\"@id\":\"https:\\\/\\\/tagliamento.org\\\/it\\\/morfologia\\\/lalto-corso-del-tagliamento\\\/\"},\"author\":{\"name\":\"Chiara Saeta\",\"@id\":\"https:\\\/\\\/tagliamento.org\\\/it\\\/#\\\/schema\\\/person\\\/226f26ca06d322432bc8e12af8462791\"},\"headline\":\"L&#8217;alto corso del Tagliamento\",\"datePublished\":\"2023-11-17T15:13:09+00:00\",\"dateModified\":\"2023-11-27T17:10:11+00:00\",\"mainEntityOfPage\":{\"@id\":\"https:\\\/\\\/tagliamento.org\\\/it\\\/morfologia\\\/lalto-corso-del-tagliamento\\\/\"},\"wordCount\":124,\"commentCount\":0,\"image\":{\"@id\":\"https:\\\/\\\/tagliamento.org\\\/it\\\/morfologia\\\/lalto-corso-del-tagliamento\\\/#primaryimage\"},\"thumbnailUrl\":\"https:\\\/\\\/tagliamento.org\\\/wp-content\\\/uploads\\\/2023\\\/11\\\/Ponte_di_Sacrovint_Forni_di_Sotto_30x21_72dpi_1.jpg\",\"articleSection\":[\"Morfologia\"],\"inLanguage\":\"it-IT\",\"potentialAction\":[{\"@type\":\"CommentAction\",\"name\":\"Comment\",\"target\":[\"https:\\\/\\\/tagliamento.org\\\/it\\\/morfologia\\\/lalto-corso-del-tagliamento\\\/#respond\"]}]},{\"@type\":\"WebPage\",\"@id\":\"https:\\\/\\\/tagliamento.org\\\/it\\\/morfologia\\\/lalto-corso-del-tagliamento\\\/\",\"url\":\"https:\\\/\\\/tagliamento.org\\\/it\\\/morfologia\\\/lalto-corso-del-tagliamento\\\/\",\"name\":\"L'alto corso del Tagliamento - WWF Tagliamento\",\"isPartOf\":{\"@id\":\"https:\\\/\\\/tagliamento.org\\\/it\\\/#website\"},\"primaryImageOfPage\":{\"@id\":\"https:\\\/\\\/tagliamento.org\\\/it\\\/morfologia\\\/lalto-corso-del-tagliamento\\\/#primaryimage\"},\"image\":{\"@id\":\"https:\\\/\\\/tagliamento.org\\\/it\\\/morfologia\\\/lalto-corso-del-tagliamento\\\/#primaryimage\"},\"thumbnailUrl\":\"https:\\\/\\\/tagliamento.org\\\/wp-content\\\/uploads\\\/2023\\\/11\\\/Ponte_di_Sacrovint_Forni_di_Sotto_30x21_72dpi_1.jpg\",\"datePublished\":\"2023-11-17T15:13:09+00:00\",\"dateModified\":\"2023-11-27T17:10:11+00:00\",\"author\":{\"@id\":\"https:\\\/\\\/tagliamento.org\\\/it\\\/#\\\/schema\\\/person\\\/226f26ca06d322432bc8e12af8462791\"},\"description\":\"Descrizione della sorgente del Tagliamento e della morfologia del suo alto corso e dei suoi affluenti\",\"breadcrumb\":{\"@id\":\"https:\\\/\\\/tagliamento.org\\\/it\\\/morfologia\\\/lalto-corso-del-tagliamento\\\/#breadcrumb\"},\"inLanguage\":\"it-IT\",\"potentialAction\":[{\"@type\":\"ReadAction\",\"target\":[\"https:\\\/\\\/tagliamento.org\\\/it\\\/morfologia\\\/lalto-corso-del-tagliamento\\\/\"]}]},{\"@type\":\"ImageObject\",\"inLanguage\":\"it-IT\",\"@id\":\"https:\\\/\\\/tagliamento.org\\\/it\\\/morfologia\\\/lalto-corso-del-tagliamento\\\/#primaryimage\",\"url\":\"https:\\\/\\\/tagliamento.org\\\/wp-content\\\/uploads\\\/2023\\\/11\\\/Ponte_di_Sacrovint_Forni_di_Sotto_30x21_72dpi_1.jpg\",\"contentUrl\":\"https:\\\/\\\/tagliamento.org\\\/wp-content\\\/uploads\\\/2023\\\/11\\\/Ponte_di_Sacrovint_Forni_di_Sotto_30x21_72dpi_1.jpg\",\"width\":850,\"height\":595},{\"@type\":\"BreadcrumbList\",\"@id\":\"https:\\\/\\\/tagliamento.org\\\/it\\\/morfologia\\\/lalto-corso-del-tagliamento\\\/#breadcrumb\",\"itemListElement\":[{\"@type\":\"ListItem\",\"position\":1,\"name\":\"Home\",\"item\":\"https:\\\/\\\/tagliamento.org\\\/it\\\/\"},{\"@type\":\"ListItem\",\"position\":2,\"name\":\"L&#8217;alto corso del Tagliamento\"}]},{\"@type\":\"WebSite\",\"@id\":\"https:\\\/\\\/tagliamento.org\\\/it\\\/#website\",\"url\":\"https:\\\/\\\/tagliamento.org\\\/it\\\/\",\"name\":\"WWF Tagliamento\",\"description\":\"\",\"potentialAction\":[{\"@type\":\"SearchAction\",\"target\":{\"@type\":\"EntryPoint\",\"urlTemplate\":\"https:\\\/\\\/tagliamento.org\\\/it\\\/?s={search_term_string}\"},\"query-input\":{\"@type\":\"PropertyValueSpecification\",\"valueRequired\":true,\"valueName\":\"search_term_string\"}}],\"inLanguage\":\"it-IT\"},{\"@type\":\"Person\",\"@id\":\"https:\\\/\\\/tagliamento.org\\\/it\\\/#\\\/schema\\\/person\\\/226f26ca06d322432bc8e12af8462791\",\"name\":\"Chiara Saeta\",\"image\":{\"@type\":\"ImageObject\",\"inLanguage\":\"it-IT\",\"@id\":\"https:\\\/\\\/secure.gravatar.com\\\/avatar\\\/66b198de7876183ef951ef474c8782c2e7306eb44bab739e64a5dddc59e24687?s=96&d=mm&r=g\",\"url\":\"https:\\\/\\\/secure.gravatar.com\\\/avatar\\\/66b198de7876183ef951ef474c8782c2e7306eb44bab739e64a5dddc59e24687?s=96&d=mm&r=g\",\"contentUrl\":\"https:\\\/\\\/secure.gravatar.com\\\/avatar\\\/66b198de7876183ef951ef474c8782c2e7306eb44bab739e64a5dddc59e24687?s=96&d=mm&r=g\",\"caption\":\"Chiara Saeta\"},\"url\":\"https:\\\/\\\/tagliamento.org\\\/it\\\/author\\\/chiara\\\/\"}]}<\/script>\n<!-- \/ Yoast SEO plugin. -->","yoast_head_json":{"title":"L'alto corso del Tagliamento - WWF Tagliamento","description":"Descrizione della sorgente del Tagliamento e della morfologia del suo alto corso e dei suoi affluenti","robots":{"index":"index","follow":"follow","max-snippet":"max-snippet:-1","max-image-preview":"max-image-preview:large","max-video-preview":"max-video-preview:-1"},"canonical":"https:\/\/tagliamento.org\/it\/morfologia\/lalto-corso-del-tagliamento\/","og_locale":"it_IT","og_type":"article","og_title":"L'alto corso del Tagliamento - WWF Tagliamento","og_description":"Descrizione della sorgente del Tagliamento e della morfologia del suo alto corso e dei suoi affluenti","og_url":"https:\/\/tagliamento.org\/it\/morfologia\/lalto-corso-del-tagliamento\/","og_site_name":"WWF Tagliamento","article_published_time":"2023-11-17T15:13:09+00:00","article_modified_time":"2023-11-27T17:10:11+00:00","og_image":[{"width":850,"height":595,"url":"https:\/\/tagliamento.org\/wp-content\/uploads\/2023\/11\/Ponte_di_Sacrovint_Forni_di_Sotto_30x21_72dpi_1.jpg","type":"image\/jpeg"}],"author":"Chiara Saeta","twitter_card":"summary_large_image","twitter_misc":{"Scritto da":"Chiara Saeta","Tempo di lettura stimato":"1 minuto"},"schema":{"@context":"https:\/\/schema.org","@graph":[{"@type":"Article","@id":"https:\/\/tagliamento.org\/it\/morfologia\/lalto-corso-del-tagliamento\/#article","isPartOf":{"@id":"https:\/\/tagliamento.org\/it\/morfologia\/lalto-corso-del-tagliamento\/"},"author":{"name":"Chiara Saeta","@id":"https:\/\/tagliamento.org\/it\/#\/schema\/person\/226f26ca06d322432bc8e12af8462791"},"headline":"L&#8217;alto corso del Tagliamento","datePublished":"2023-11-17T15:13:09+00:00","dateModified":"2023-11-27T17:10:11+00:00","mainEntityOfPage":{"@id":"https:\/\/tagliamento.org\/it\/morfologia\/lalto-corso-del-tagliamento\/"},"wordCount":124,"commentCount":0,"image":{"@id":"https:\/\/tagliamento.org\/it\/morfologia\/lalto-corso-del-tagliamento\/#primaryimage"},"thumbnailUrl":"https:\/\/tagliamento.org\/wp-content\/uploads\/2023\/11\/Ponte_di_Sacrovint_Forni_di_Sotto_30x21_72dpi_1.jpg","articleSection":["Morfologia"],"inLanguage":"it-IT","potentialAction":[{"@type":"CommentAction","name":"Comment","target":["https:\/\/tagliamento.org\/it\/morfologia\/lalto-corso-del-tagliamento\/#respond"]}]},{"@type":"WebPage","@id":"https:\/\/tagliamento.org\/it\/morfologia\/lalto-corso-del-tagliamento\/","url":"https:\/\/tagliamento.org\/it\/morfologia\/lalto-corso-del-tagliamento\/","name":"L'alto corso del Tagliamento - WWF Tagliamento","isPartOf":{"@id":"https:\/\/tagliamento.org\/it\/#website"},"primaryImageOfPage":{"@id":"https:\/\/tagliamento.org\/it\/morfologia\/lalto-corso-del-tagliamento\/#primaryimage"},"image":{"@id":"https:\/\/tagliamento.org\/it\/morfologia\/lalto-corso-del-tagliamento\/#primaryimage"},"thumbnailUrl":"https:\/\/tagliamento.org\/wp-content\/uploads\/2023\/11\/Ponte_di_Sacrovint_Forni_di_Sotto_30x21_72dpi_1.jpg","datePublished":"2023-11-17T15:13:09+00:00","dateModified":"2023-11-27T17:10:11+00:00","author":{"@id":"https:\/\/tagliamento.org\/it\/#\/schema\/person\/226f26ca06d322432bc8e12af8462791"},"description":"Descrizione della sorgente del Tagliamento e della morfologia del suo alto corso e dei suoi affluenti","breadcrumb":{"@id":"https:\/\/tagliamento.org\/it\/morfologia\/lalto-corso-del-tagliamento\/#breadcrumb"},"inLanguage":"it-IT","potentialAction":[{"@type":"ReadAction","target":["https:\/\/tagliamento.org\/it\/morfologia\/lalto-corso-del-tagliamento\/"]}]},{"@type":"ImageObject","inLanguage":"it-IT","@id":"https:\/\/tagliamento.org\/it\/morfologia\/lalto-corso-del-tagliamento\/#primaryimage","url":"https:\/\/tagliamento.org\/wp-content\/uploads\/2023\/11\/Ponte_di_Sacrovint_Forni_di_Sotto_30x21_72dpi_1.jpg","contentUrl":"https:\/\/tagliamento.org\/wp-content\/uploads\/2023\/11\/Ponte_di_Sacrovint_Forni_di_Sotto_30x21_72dpi_1.jpg","width":850,"height":595},{"@type":"BreadcrumbList","@id":"https:\/\/tagliamento.org\/it\/morfologia\/lalto-corso-del-tagliamento\/#breadcrumb","itemListElement":[{"@type":"ListItem","position":1,"name":"Home","item":"https:\/\/tagliamento.org\/it\/"},{"@type":"ListItem","position":2,"name":"L&#8217;alto corso del Tagliamento"}]},{"@type":"WebSite","@id":"https:\/\/tagliamento.org\/it\/#website","url":"https:\/\/tagliamento.org\/it\/","name":"WWF Tagliamento","description":"","potentialAction":[{"@type":"SearchAction","target":{"@type":"EntryPoint","urlTemplate":"https:\/\/tagliamento.org\/it\/?s={search_term_string}"},"query-input":{"@type":"PropertyValueSpecification","valueRequired":true,"valueName":"search_term_string"}}],"inLanguage":"it-IT"},{"@type":"Person","@id":"https:\/\/tagliamento.org\/it\/#\/schema\/person\/226f26ca06d322432bc8e12af8462791","name":"Chiara Saeta","image":{"@type":"ImageObject","inLanguage":"it-IT","@id":"https:\/\/secure.gravatar.com\/avatar\/66b198de7876183ef951ef474c8782c2e7306eb44bab739e64a5dddc59e24687?s=96&d=mm&r=g","url":"https:\/\/secure.gravatar.com\/avatar\/66b198de7876183ef951ef474c8782c2e7306eb44bab739e64a5dddc59e24687?s=96&d=mm&r=g","contentUrl":"https:\/\/secure.gravatar.com\/avatar\/66b198de7876183ef951ef474c8782c2e7306eb44bab739e64a5dddc59e24687?s=96&d=mm&r=g","caption":"Chiara Saeta"},"url":"https:\/\/tagliamento.org\/it\/author\/chiara\/"}]}},"_links":{"self":[{"href":"https:\/\/tagliamento.org\/it\/wp-json\/wp\/v2\/posts\/2339","targetHints":{"allow":["GET"]}}],"collection":[{"href":"https:\/\/tagliamento.org\/it\/wp-json\/wp\/v2\/posts"}],"about":[{"href":"https:\/\/tagliamento.org\/it\/wp-json\/wp\/v2\/types\/post"}],"author":[{"embeddable":true,"href":"https:\/\/tagliamento.org\/it\/wp-json\/wp\/v2\/users\/4"}],"replies":[{"embeddable":true,"href":"https:\/\/tagliamento.org\/it\/wp-json\/wp\/v2\/comments?post=2339"}],"version-history":[{"count":1,"href":"https:\/\/tagliamento.org\/it\/wp-json\/wp\/v2\/posts\/2339\/revisions"}],"predecessor-version":[{"id":2340,"href":"https:\/\/tagliamento.org\/it\/wp-json\/wp\/v2\/posts\/2339\/revisions\/2340"}],"wp:featuredmedia":[{"embeddable":true,"href":"https:\/\/tagliamento.org\/it\/wp-json\/wp\/v2\/media\/1770"}],"wp:attachment":[{"href":"https:\/\/tagliamento.org\/it\/wp-json\/wp\/v2\/media?parent=2339"}],"wp:term":[{"taxonomy":"category","embeddable":true,"href":"https:\/\/tagliamento.org\/it\/wp-json\/wp\/v2\/categories?post=2339"},{"taxonomy":"post_tag","embeddable":true,"href":"https:\/\/tagliamento.org\/it\/wp-json\/wp\/v2\/tags?post=2339"}],"curies":[{"name":"wp","href":"https:\/\/api.w.org\/{rel}","templated":true}]}}