{"id":2343,"date":"2023-11-17T14:34:35","date_gmt":"2023-11-17T14:34:35","guid":{"rendered":"https:\/\/tagliamento.org\/non-categorizzato\/il-fiume-che-canta\/"},"modified":"2024-04-27T14:34:50","modified_gmt":"2024-04-27T14:34:50","slug":"il-fiume-che-canta","status":"publish","type":"post","link":"https:\/\/tagliamento.org\/it\/comunita\/il-fiume-che-canta\/","title":{"rendered":"Il fiume che canta"},"content":{"rendered":"<div class=\"block-wrapper block-wrapper--paragraph\"><div class=\"container\">\n<p>In Friuli si respira chiaramente il profondo legame dei suoi abitanti con il fiume che taglia in due il territorio friulano, ma che allo stesso tempo unifica sotto lo stesso intento tutte le persone che lo amano.<\/p>\n<\/div><\/div>\n\n<div class=\"block-wrapper block-wrapper--paragraph\"><div class=\"container\">\n<p>Il Fiume Che Canta nasce dallo stretto legame tra la morfologia fisica e spirituale del fiume Tagliamento e il principio della partnership. Esiste una sostanza che scorre in superficie, scava canali, trasporta ghiaie, sassi, sabbie; ed un&#8217;altra che viaggia sotterranea, sotto il greto del fiume. L&#8217;intero progetto mira alla valorizzazione del territorio lungo il fiume Tagliamento e allo sviluppo olistico della persona umana, attraverso la riconnessione con s\u00e9 stessi e l\u2019ambiente naturale, riscoprendo il legame tra ci\u00f2 che \u00e8 invisibile (il nostro essere pi\u00f9 profondo) e ci\u00f2 che \u00e8 visibile (le esperienze a stretto contatto con la natura, il territorio, l\u2019enogastronomia).<\/p>\n<\/div><\/div>\n\n<div class=\"block-wrapper block-wrapper--image\"><div class=\"container\">\n<figure class=\"wp-block-image size-large\"><img loading=\"lazy\" decoding=\"async\" width=\"1024\" height=\"576\" src=\"http:\/\/tagliamento.org\/wp-content\/uploads\/2023\/11\/FiumeCheCanta-13-1024x576.jpg\" alt=\"Credits: Mina Carfora\" class=\"wp-image-1732\" srcset=\"https:\/\/tagliamento.org\/wp-content\/uploads\/2023\/11\/FiumeCheCanta-13-1024x576.jpg 1024w, https:\/\/tagliamento.org\/wp-content\/uploads\/2023\/11\/FiumeCheCanta-13-300x169.jpg 300w, https:\/\/tagliamento.org\/wp-content\/uploads\/2023\/11\/FiumeCheCanta-13-768x432.jpg 768w, https:\/\/tagliamento.org\/wp-content\/uploads\/2023\/11\/FiumeCheCanta-13-1536x864.jpg 1536w, https:\/\/tagliamento.org\/wp-content\/uploads\/2023\/11\/FiumeCheCanta-13-2048x1152.jpg 2048w, https:\/\/tagliamento.org\/wp-content\/uploads\/2023\/11\/FiumeCheCanta-13-1920x1080.jpg 1920w, https:\/\/tagliamento.org\/wp-content\/uploads\/2023\/11\/FiumeCheCanta-13-1600x900.jpg 1600w, https:\/\/tagliamento.org\/wp-content\/uploads\/2023\/11\/FiumeCheCanta-13-1366x768.jpg 1366w, https:\/\/tagliamento.org\/wp-content\/uploads\/2023\/11\/FiumeCheCanta-13-550x309.jpg 550w\" sizes=\"auto, (max-width: 1024px) 100vw, 1024px\" \/><figcaption class=\"wp-element-caption\">Credits: Mina Carfora<\/figcaption><\/figure>\n<\/div><\/div>\n\n<div class=\"block-wrapper block-wrapper--paragraph\"><div class=\"container\">\n<p>Come il fiume \u00e8 caratterizzato dai rami intrecciati, allo stesso modo si intrecciano le varie attivit\u00e0 del progetto, tutte provenienti da un&#8217;unica sorgente. La fonte di questa idea \u00e8 rappresentata da ci\u00f2 che ci suggerisce il fiume: il concetto di risveglio e connessione con la natura, il territorio circostante e le sue tradizioni.<\/p>\n<\/div><\/div>\n\n<div class=\"block-wrapper block-wrapper--image\"><div class=\"container\">\n<figure class=\"wp-block-image size-large\"><img loading=\"lazy\" decoding=\"async\" width=\"1024\" height=\"768\" src=\"http:\/\/tagliamento.org\/wp-content\/uploads\/2023\/11\/FiumeCheCanta-22-1024x768.jpg\" alt=\"Credits: Mina Carfora\" class=\"wp-image-1734\" srcset=\"https:\/\/tagliamento.org\/wp-content\/uploads\/2023\/11\/FiumeCheCanta-22-1024x768.jpg 1024w, https:\/\/tagliamento.org\/wp-content\/uploads\/2023\/11\/FiumeCheCanta-22-300x225.jpg 300w, https:\/\/tagliamento.org\/wp-content\/uploads\/2023\/11\/FiumeCheCanta-22-768x576.jpg 768w, https:\/\/tagliamento.org\/wp-content\/uploads\/2023\/11\/FiumeCheCanta-22-1536x1152.jpg 1536w, https:\/\/tagliamento.org\/wp-content\/uploads\/2023\/11\/FiumeCheCanta-22-1920x1440.jpg 1920w, https:\/\/tagliamento.org\/wp-content\/uploads\/2023\/11\/FiumeCheCanta-22-1440x1080.jpg 1440w, https:\/\/tagliamento.org\/wp-content\/uploads\/2023\/11\/FiumeCheCanta-22-1200x900.jpg 1200w, https:\/\/tagliamento.org\/wp-content\/uploads\/2023\/11\/FiumeCheCanta-22-1600x1200.jpg 1600w, https:\/\/tagliamento.org\/wp-content\/uploads\/2023\/11\/FiumeCheCanta-22-1366x1025.jpg 1366w, https:\/\/tagliamento.org\/wp-content\/uploads\/2023\/11\/FiumeCheCanta-22-576x432.jpg 576w, https:\/\/tagliamento.org\/wp-content\/uploads\/2023\/11\/FiumeCheCanta-22-412x309.jpg 412w, https:\/\/tagliamento.org\/wp-content\/uploads\/2023\/11\/FiumeCheCanta-22-550x413.jpg 550w, https:\/\/tagliamento.org\/wp-content\/uploads\/2023\/11\/FiumeCheCanta-22.jpg 2000w\" sizes=\"auto, (max-width: 1024px) 100vw, 1024px\" \/><figcaption class=\"wp-element-caption\">Credits: Mina Carfora<\/figcaption><\/figure>\n<\/div><\/div>\n\n<div class=\"block-wrapper block-wrapper--paragraph\"><div class=\"container\">\n<p>Grazie alla poetica del fiume, il progetto coinvolge il settore culturale, artistico, etnografico, del turismo Slow, dell&#8217;educazione non formale e dell&#8217;organizzazione di eventi e si concretizza attraverso lo svolgimento esperienze outdoor da compiere lungo il fiume. Siamo partiti nell\u2019edizione I con la creazione della colonna sonora del fiume. Nell\u2019edizione II, invece, ci siamo concentrati sulla trasmissione delle memorie. La terza edizione vedr\u00e0 protagonista la trama filata e storica di questo magnifico territorio.<\/p>\n<\/div><\/div>\n\n<div class=\"block-wrapper block-wrapper--image\"><div class=\"container\">\n<figure class=\"wp-block-image size-large\"><img loading=\"lazy\" decoding=\"async\" width=\"1024\" height=\"768\" src=\"http:\/\/tagliamento.org\/wp-content\/uploads\/2023\/11\/FiumeCheCanta-16-1024x768.jpg\" alt=\"Credits: Mina Carfora\" class=\"wp-image-1736\" srcset=\"https:\/\/tagliamento.org\/wp-content\/uploads\/2023\/11\/FiumeCheCanta-16-1024x768.jpg 1024w, https:\/\/tagliamento.org\/wp-content\/uploads\/2023\/11\/FiumeCheCanta-16-300x225.jpg 300w, https:\/\/tagliamento.org\/wp-content\/uploads\/2023\/11\/FiumeCheCanta-16-768x576.jpg 768w, https:\/\/tagliamento.org\/wp-content\/uploads\/2023\/11\/FiumeCheCanta-16-1536x1152.jpg 1536w, https:\/\/tagliamento.org\/wp-content\/uploads\/2023\/11\/FiumeCheCanta-16-2048x1536.jpg 2048w, https:\/\/tagliamento.org\/wp-content\/uploads\/2023\/11\/FiumeCheCanta-16-1920x1440.jpg 1920w, https:\/\/tagliamento.org\/wp-content\/uploads\/2023\/11\/FiumeCheCanta-16-1440x1080.jpg 1440w, https:\/\/tagliamento.org\/wp-content\/uploads\/2023\/11\/FiumeCheCanta-16-1200x900.jpg 1200w, https:\/\/tagliamento.org\/wp-content\/uploads\/2023\/11\/FiumeCheCanta-16-1600x1200.jpg 1600w, https:\/\/tagliamento.org\/wp-content\/uploads\/2023\/11\/FiumeCheCanta-16-1366x1025.jpg 1366w, https:\/\/tagliamento.org\/wp-content\/uploads\/2023\/11\/FiumeCheCanta-16-576x432.jpg 576w, https:\/\/tagliamento.org\/wp-content\/uploads\/2023\/11\/FiumeCheCanta-16-412x309.jpg 412w, https:\/\/tagliamento.org\/wp-content\/uploads\/2023\/11\/FiumeCheCanta-16-550x413.jpg 550w\" sizes=\"auto, (max-width: 1024px) 100vw, 1024px\" \/><figcaption class=\"wp-element-caption\">Credits: Mina Carfora<\/figcaption><\/figure>\n<\/div><\/div>","protected":false},"excerpt":{"rendered":"<p>Credits: Mina Carfora<\/p>\n","protected":false},"author":4,"featured_media":1731,"comment_status":"open","ping_status":"open","sticky":false,"template":"","format":"standard","meta":{"_acf_changed":false,"footnotes":""},"categories":[20],"tags":[],"class_list":["post-2343","post","type-post","status-publish","format-standard","has-post-thumbnail","hentry","category-comunita"],"acf":[],"yoast_head":"<!-- This site is optimized with the Yoast SEO plugin v27.5 - https:\/\/yoast.com\/product\/yoast-seo-wordpress\/ -->\n<title>Il fiume che canta - WWF Tagliamento<\/title>\n<meta name=\"description\" content=\"Il fiume che canta: un progetto di comunit\u00e0 che raccoglie le storie intrecciate del fiume e dei suoi abitanti in una canzone\" \/>\n<meta name=\"robots\" content=\"index, follow, max-snippet:-1, max-image-preview:large, max-video-preview:-1\" \/>\n<link rel=\"canonical\" href=\"https:\/\/tagliamento.org\/it\/comunita\/il-fiume-che-canta\/\" \/>\n<meta property=\"og:locale\" content=\"it_IT\" \/>\n<meta property=\"og:type\" content=\"article\" \/>\n<meta property=\"og:title\" content=\"Il fiume che canta - WWF Tagliamento\" \/>\n<meta property=\"og:description\" content=\"Il fiume che canta: un progetto di comunit\u00e0 che raccoglie le storie intrecciate del fiume e dei suoi abitanti in una canzone\" \/>\n<meta property=\"og:url\" content=\"https:\/\/tagliamento.org\/it\/comunita\/il-fiume-che-canta\/\" \/>\n<meta property=\"og:site_name\" content=\"WWF Tagliamento\" \/>\n<meta property=\"article:published_time\" content=\"2023-11-17T14:34:35+00:00\" \/>\n<meta property=\"article:modified_time\" content=\"2024-04-27T14:34:50+00:00\" \/>\n<meta property=\"og:image\" content=\"https:\/\/tagliamento.org\/wp-content\/uploads\/2023\/11\/FiumeCheCanta-3-scaled.jpg\" \/>\n\t<meta property=\"og:image:width\" content=\"2560\" \/>\n\t<meta property=\"og:image:height\" content=\"1440\" \/>\n\t<meta property=\"og:image:type\" content=\"image\/jpeg\" \/>\n<meta name=\"author\" content=\"Chiara Saeta\" \/>\n<meta name=\"twitter:card\" content=\"summary_large_image\" \/>\n<meta name=\"twitter:label1\" content=\"Scritto da\" \/>\n\t<meta name=\"twitter:data1\" content=\"Chiara Saeta\" \/>\n\t<meta name=\"twitter:label2\" content=\"Tempo di lettura stimato\" \/>\n\t<meta name=\"twitter:data2\" content=\"3 minuti\" \/>\n<script type=\"application\/ld+json\" class=\"yoast-schema-graph\">{\"@context\":\"https:\\\/\\\/schema.org\",\"@graph\":[{\"@type\":\"Article\",\"@id\":\"https:\\\/\\\/tagliamento.org\\\/it\\\/comunita\\\/il-fiume-che-canta\\\/#article\",\"isPartOf\":{\"@id\":\"https:\\\/\\\/tagliamento.org\\\/it\\\/comunita\\\/il-fiume-che-canta\\\/\"},\"author\":{\"name\":\"Chiara Saeta\",\"@id\":\"https:\\\/\\\/tagliamento.org\\\/it\\\/#\\\/schema\\\/person\\\/226f26ca06d322432bc8e12af8462791\"},\"headline\":\"Il fiume che canta\",\"datePublished\":\"2023-11-17T14:34:35+00:00\",\"dateModified\":\"2024-04-27T14:34:50+00:00\",\"mainEntityOfPage\":{\"@id\":\"https:\\\/\\\/tagliamento.org\\\/it\\\/comunita\\\/il-fiume-che-canta\\\/\"},\"wordCount\":281,\"commentCount\":0,\"image\":{\"@id\":\"https:\\\/\\\/tagliamento.org\\\/it\\\/comunita\\\/il-fiume-che-canta\\\/#primaryimage\"},\"thumbnailUrl\":\"https:\\\/\\\/tagliamento.org\\\/wp-content\\\/uploads\\\/2023\\\/11\\\/FiumeCheCanta-3-scaled.jpg\",\"articleSection\":[\"Comunit\u00e0\"],\"inLanguage\":\"it-IT\",\"potentialAction\":[{\"@type\":\"CommentAction\",\"name\":\"Comment\",\"target\":[\"https:\\\/\\\/tagliamento.org\\\/it\\\/comunita\\\/il-fiume-che-canta\\\/#respond\"]}]},{\"@type\":\"WebPage\",\"@id\":\"https:\\\/\\\/tagliamento.org\\\/it\\\/comunita\\\/il-fiume-che-canta\\\/\",\"url\":\"https:\\\/\\\/tagliamento.org\\\/it\\\/comunita\\\/il-fiume-che-canta\\\/\",\"name\":\"Il fiume che canta - WWF Tagliamento\",\"isPartOf\":{\"@id\":\"https:\\\/\\\/tagliamento.org\\\/it\\\/#website\"},\"primaryImageOfPage\":{\"@id\":\"https:\\\/\\\/tagliamento.org\\\/it\\\/comunita\\\/il-fiume-che-canta\\\/#primaryimage\"},\"image\":{\"@id\":\"https:\\\/\\\/tagliamento.org\\\/it\\\/comunita\\\/il-fiume-che-canta\\\/#primaryimage\"},\"thumbnailUrl\":\"https:\\\/\\\/tagliamento.org\\\/wp-content\\\/uploads\\\/2023\\\/11\\\/FiumeCheCanta-3-scaled.jpg\",\"datePublished\":\"2023-11-17T14:34:35+00:00\",\"dateModified\":\"2024-04-27T14:34:50+00:00\",\"author\":{\"@id\":\"https:\\\/\\\/tagliamento.org\\\/it\\\/#\\\/schema\\\/person\\\/226f26ca06d322432bc8e12af8462791\"},\"description\":\"Il fiume che canta: un progetto di comunit\u00e0 che raccoglie le storie intrecciate del fiume e dei suoi abitanti in una canzone\",\"breadcrumb\":{\"@id\":\"https:\\\/\\\/tagliamento.org\\\/it\\\/comunita\\\/il-fiume-che-canta\\\/#breadcrumb\"},\"inLanguage\":\"it-IT\",\"potentialAction\":[{\"@type\":\"ReadAction\",\"target\":[\"https:\\\/\\\/tagliamento.org\\\/it\\\/comunita\\\/il-fiume-che-canta\\\/\"]}]},{\"@type\":\"ImageObject\",\"inLanguage\":\"it-IT\",\"@id\":\"https:\\\/\\\/tagliamento.org\\\/it\\\/comunita\\\/il-fiume-che-canta\\\/#primaryimage\",\"url\":\"https:\\\/\\\/tagliamento.org\\\/wp-content\\\/uploads\\\/2023\\\/11\\\/FiumeCheCanta-3-scaled.jpg\",\"contentUrl\":\"https:\\\/\\\/tagliamento.org\\\/wp-content\\\/uploads\\\/2023\\\/11\\\/FiumeCheCanta-3-scaled.jpg\",\"width\":2560,\"height\":1440},{\"@type\":\"BreadcrumbList\",\"@id\":\"https:\\\/\\\/tagliamento.org\\\/it\\\/comunita\\\/il-fiume-che-canta\\\/#breadcrumb\",\"itemListElement\":[{\"@type\":\"ListItem\",\"position\":1,\"name\":\"Home\",\"item\":\"https:\\\/\\\/tagliamento.org\\\/it\\\/\"},{\"@type\":\"ListItem\",\"position\":2,\"name\":\"Il fiume che canta\"}]},{\"@type\":\"WebSite\",\"@id\":\"https:\\\/\\\/tagliamento.org\\\/it\\\/#website\",\"url\":\"https:\\\/\\\/tagliamento.org\\\/it\\\/\",\"name\":\"WWF Tagliamento\",\"description\":\"\",\"potentialAction\":[{\"@type\":\"SearchAction\",\"target\":{\"@type\":\"EntryPoint\",\"urlTemplate\":\"https:\\\/\\\/tagliamento.org\\\/it\\\/?s={search_term_string}\"},\"query-input\":{\"@type\":\"PropertyValueSpecification\",\"valueRequired\":true,\"valueName\":\"search_term_string\"}}],\"inLanguage\":\"it-IT\"},{\"@type\":\"Person\",\"@id\":\"https:\\\/\\\/tagliamento.org\\\/it\\\/#\\\/schema\\\/person\\\/226f26ca06d322432bc8e12af8462791\",\"name\":\"Chiara Saeta\",\"image\":{\"@type\":\"ImageObject\",\"inLanguage\":\"it-IT\",\"@id\":\"https:\\\/\\\/secure.gravatar.com\\\/avatar\\\/66b198de7876183ef951ef474c8782c2e7306eb44bab739e64a5dddc59e24687?s=96&d=mm&r=g\",\"url\":\"https:\\\/\\\/secure.gravatar.com\\\/avatar\\\/66b198de7876183ef951ef474c8782c2e7306eb44bab739e64a5dddc59e24687?s=96&d=mm&r=g\",\"contentUrl\":\"https:\\\/\\\/secure.gravatar.com\\\/avatar\\\/66b198de7876183ef951ef474c8782c2e7306eb44bab739e64a5dddc59e24687?s=96&d=mm&r=g\",\"caption\":\"Chiara Saeta\"},\"url\":\"https:\\\/\\\/tagliamento.org\\\/it\\\/author\\\/chiara\\\/\"}]}<\/script>\n<!-- \/ Yoast SEO plugin. -->","yoast_head_json":{"title":"Il fiume che canta - WWF Tagliamento","description":"Il fiume che canta: un progetto di comunit\u00e0 che raccoglie le storie intrecciate del fiume e dei suoi abitanti in una canzone","robots":{"index":"index","follow":"follow","max-snippet":"max-snippet:-1","max-image-preview":"max-image-preview:large","max-video-preview":"max-video-preview:-1"},"canonical":"https:\/\/tagliamento.org\/it\/comunita\/il-fiume-che-canta\/","og_locale":"it_IT","og_type":"article","og_title":"Il fiume che canta - WWF Tagliamento","og_description":"Il fiume che canta: un progetto di comunit\u00e0 che raccoglie le storie intrecciate del fiume e dei suoi abitanti in una canzone","og_url":"https:\/\/tagliamento.org\/it\/comunita\/il-fiume-che-canta\/","og_site_name":"WWF Tagliamento","article_published_time":"2023-11-17T14:34:35+00:00","article_modified_time":"2024-04-27T14:34:50+00:00","og_image":[{"width":2560,"height":1440,"url":"https:\/\/tagliamento.org\/wp-content\/uploads\/2023\/11\/FiumeCheCanta-3-scaled.jpg","type":"image\/jpeg"}],"author":"Chiara Saeta","twitter_card":"summary_large_image","twitter_misc":{"Scritto da":"Chiara Saeta","Tempo di lettura stimato":"3 minuti"},"schema":{"@context":"https:\/\/schema.org","@graph":[{"@type":"Article","@id":"https:\/\/tagliamento.org\/it\/comunita\/il-fiume-che-canta\/#article","isPartOf":{"@id":"https:\/\/tagliamento.org\/it\/comunita\/il-fiume-che-canta\/"},"author":{"name":"Chiara Saeta","@id":"https:\/\/tagliamento.org\/it\/#\/schema\/person\/226f26ca06d322432bc8e12af8462791"},"headline":"Il fiume che canta","datePublished":"2023-11-17T14:34:35+00:00","dateModified":"2024-04-27T14:34:50+00:00","mainEntityOfPage":{"@id":"https:\/\/tagliamento.org\/it\/comunita\/il-fiume-che-canta\/"},"wordCount":281,"commentCount":0,"image":{"@id":"https:\/\/tagliamento.org\/it\/comunita\/il-fiume-che-canta\/#primaryimage"},"thumbnailUrl":"https:\/\/tagliamento.org\/wp-content\/uploads\/2023\/11\/FiumeCheCanta-3-scaled.jpg","articleSection":["Comunit\u00e0"],"inLanguage":"it-IT","potentialAction":[{"@type":"CommentAction","name":"Comment","target":["https:\/\/tagliamento.org\/it\/comunita\/il-fiume-che-canta\/#respond"]}]},{"@type":"WebPage","@id":"https:\/\/tagliamento.org\/it\/comunita\/il-fiume-che-canta\/","url":"https:\/\/tagliamento.org\/it\/comunita\/il-fiume-che-canta\/","name":"Il fiume che canta - WWF Tagliamento","isPartOf":{"@id":"https:\/\/tagliamento.org\/it\/#website"},"primaryImageOfPage":{"@id":"https:\/\/tagliamento.org\/it\/comunita\/il-fiume-che-canta\/#primaryimage"},"image":{"@id":"https:\/\/tagliamento.org\/it\/comunita\/il-fiume-che-canta\/#primaryimage"},"thumbnailUrl":"https:\/\/tagliamento.org\/wp-content\/uploads\/2023\/11\/FiumeCheCanta-3-scaled.jpg","datePublished":"2023-11-17T14:34:35+00:00","dateModified":"2024-04-27T14:34:50+00:00","author":{"@id":"https:\/\/tagliamento.org\/it\/#\/schema\/person\/226f26ca06d322432bc8e12af8462791"},"description":"Il fiume che canta: un progetto di comunit\u00e0 che raccoglie le storie intrecciate del fiume e dei suoi abitanti in una canzone","breadcrumb":{"@id":"https:\/\/tagliamento.org\/it\/comunita\/il-fiume-che-canta\/#breadcrumb"},"inLanguage":"it-IT","potentialAction":[{"@type":"ReadAction","target":["https:\/\/tagliamento.org\/it\/comunita\/il-fiume-che-canta\/"]}]},{"@type":"ImageObject","inLanguage":"it-IT","@id":"https:\/\/tagliamento.org\/it\/comunita\/il-fiume-che-canta\/#primaryimage","url":"https:\/\/tagliamento.org\/wp-content\/uploads\/2023\/11\/FiumeCheCanta-3-scaled.jpg","contentUrl":"https:\/\/tagliamento.org\/wp-content\/uploads\/2023\/11\/FiumeCheCanta-3-scaled.jpg","width":2560,"height":1440},{"@type":"BreadcrumbList","@id":"https:\/\/tagliamento.org\/it\/comunita\/il-fiume-che-canta\/#breadcrumb","itemListElement":[{"@type":"ListItem","position":1,"name":"Home","item":"https:\/\/tagliamento.org\/it\/"},{"@type":"ListItem","position":2,"name":"Il fiume che canta"}]},{"@type":"WebSite","@id":"https:\/\/tagliamento.org\/it\/#website","url":"https:\/\/tagliamento.org\/it\/","name":"WWF Tagliamento","description":"","potentialAction":[{"@type":"SearchAction","target":{"@type":"EntryPoint","urlTemplate":"https:\/\/tagliamento.org\/it\/?s={search_term_string}"},"query-input":{"@type":"PropertyValueSpecification","valueRequired":true,"valueName":"search_term_string"}}],"inLanguage":"it-IT"},{"@type":"Person","@id":"https:\/\/tagliamento.org\/it\/#\/schema\/person\/226f26ca06d322432bc8e12af8462791","name":"Chiara Saeta","image":{"@type":"ImageObject","inLanguage":"it-IT","@id":"https:\/\/secure.gravatar.com\/avatar\/66b198de7876183ef951ef474c8782c2e7306eb44bab739e64a5dddc59e24687?s=96&d=mm&r=g","url":"https:\/\/secure.gravatar.com\/avatar\/66b198de7876183ef951ef474c8782c2e7306eb44bab739e64a5dddc59e24687?s=96&d=mm&r=g","contentUrl":"https:\/\/secure.gravatar.com\/avatar\/66b198de7876183ef951ef474c8782c2e7306eb44bab739e64a5dddc59e24687?s=96&d=mm&r=g","caption":"Chiara Saeta"},"url":"https:\/\/tagliamento.org\/it\/author\/chiara\/"}]}},"_links":{"self":[{"href":"https:\/\/tagliamento.org\/it\/wp-json\/wp\/v2\/posts\/2343","targetHints":{"allow":["GET"]}}],"collection":[{"href":"https:\/\/tagliamento.org\/it\/wp-json\/wp\/v2\/posts"}],"about":[{"href":"https:\/\/tagliamento.org\/it\/wp-json\/wp\/v2\/types\/post"}],"author":[{"embeddable":true,"href":"https:\/\/tagliamento.org\/it\/wp-json\/wp\/v2\/users\/4"}],"replies":[{"embeddable":true,"href":"https:\/\/tagliamento.org\/it\/wp-json\/wp\/v2\/comments?post=2343"}],"version-history":[{"count":3,"href":"https:\/\/tagliamento.org\/it\/wp-json\/wp\/v2\/posts\/2343\/revisions"}],"predecessor-version":[{"id":3538,"href":"https:\/\/tagliamento.org\/it\/wp-json\/wp\/v2\/posts\/2343\/revisions\/3538"}],"wp:featuredmedia":[{"embeddable":true,"href":"https:\/\/tagliamento.org\/it\/wp-json\/wp\/v2\/media\/1731"}],"wp:attachment":[{"href":"https:\/\/tagliamento.org\/it\/wp-json\/wp\/v2\/media?parent=2343"}],"wp:term":[{"taxonomy":"category","embeddable":true,"href":"https:\/\/tagliamento.org\/it\/wp-json\/wp\/v2\/categories?post=2343"},{"taxonomy":"post_tag","embeddable":true,"href":"https:\/\/tagliamento.org\/it\/wp-json\/wp\/v2\/tags?post=2343"}],"curies":[{"name":"wp","href":"https:\/\/api.w.org\/{rel}","templated":true}]}}